{"id":1544,"date":"2018-07-31T15:41:09","date_gmt":"2018-07-31T14:41:09","guid":{"rendered":"https:\/\/blessedbythe.one\/?p=1544"},"modified":"2022-01-04T11:42:31","modified_gmt":"2022-01-04T10:42:31","slug":"processo-de-crescimento-na-regiao-amazonica","status":"publish","type":"post","link":"https:\/\/blessedbythe.one\/pt-br\/processo-de-crescimento-na-regiao-amazonica\/","title":{"rendered":"Processo de crescimento na regi\u00e3o Amaz\u00f4nica"},"content":{"rendered":"<h2>Graduada!<\/h2>\n<p>Eu, Christa, completei a escola de diagn\u00f3stico e tratamento de Mal\u00e1ria. Completada essa escola na JOCUM, eu poderia apenas trabalhar acompanhada de algum microscopista. N\u00f3s tivemos uma oportunidade especial como estudantes: N\u00f3s pudemos fazer a prova no Laborat\u00f3rio Central de Sa\u00fade P\u00fablica &#8211; Lacen. Esse teste \u00e9 composto de uma parte te\u00f3rica em portugu\u00eas e uma parte pr\u00e1tica, na qual n\u00f3s poder\u00edamos mostrar que n\u00f3s estamos treinados para diagnosticar e tratar Mal\u00e1ria sem uma supervis\u00e3o. Agora eu posso dizer com muita alegria que eu passei neste teste e recebi meu certificado de Microscopista. Isso significa que eu posso legalmente trabalhar e ajudar pessoas em \u00e1reas end\u00eamicas de Mal\u00e1ria. Toda gl\u00f3ria e gratid\u00e3o a Deus!<\/p>\n<p>Agora com essa escola completada, eu trabalho na parte da manh\u00e3 no laborat\u00f3rio da base da JOCUM em Porto Velho. Nesse laborat\u00f3rio, pessoas da regi\u00e3o, ribeirinhos e ind\u00edgenas, vem para fazer o teste para saber se est\u00e3o com a doen\u00e7a ou n\u00e3o.<\/p>\n<p>Nesse m\u00eas n\u00f3s tivemos um n\u00famero grande de pessoas diversas etnias, por volta de 50 pessoas, esses grupos est\u00e3o participando de um programa para aprender como traduzir a b\u00edblia para sua pr\u00f3pria l\u00edngua. Para esse grupo de pessoas, estudantes e professores, precisamos tamb\u00e9m cozinhar diariamente caf\u00e9, almo\u00e7o, janta e lanches. N\u00f3s como obreiros da base, servimos tamb\u00e9m na limpeza e cozinhando para esse grupo.<\/p>\n<p><img loading=\"lazy\" decoding=\"async\" class=\"aligncenter wp-image-1200 size-large\" src=\"https:\/\/blessedbythe.one\/wp-content\/uploads\/2018\/07\/collage-malaria-1024x1024.jpg\" alt=\"COLLAGE MAL\u00c1RIA\" width=\"525\" height=\"525\" srcset=\"https:\/\/blessedbythe.one\/wp-content\/uploads\/2018\/07\/collage-malaria-1024x1024.jpg 1024w, https:\/\/blessedbythe.one\/wp-content\/uploads\/2018\/07\/collage-malaria-150x150.jpg 150w, https:\/\/blessedbythe.one\/wp-content\/uploads\/2018\/07\/collage-malaria-300x300.jpg 300w, https:\/\/blessedbythe.one\/wp-content\/uploads\/2018\/07\/collage-malaria-768x768.jpg 768w, https:\/\/blessedbythe.one\/wp-content\/uploads\/2018\/07\/collage-malaria-100x100.jpg 100w, https:\/\/blessedbythe.one\/wp-content\/uploads\/2018\/07\/collage-malaria.jpg 2048w\" sizes=\"auto, (max-width: 525px) 100vw, 525px\" \/><\/p>\n<h2>Escola B\u00edblica de Oralidade &#8211; EBO<\/h2>\n<p>Nosso plano era que o Lucas iria fazer a escola b\u00edblica de oralidade como estudante, mas tivemos uma pequena modifica\u00e7\u00e3o. Os l\u00edderes da escola convidaram o Lucas para trabalhar na escola como um membro da equipe, dando aulas e tamb\u00e9m caminhando com os alunos. Ele est\u00e1 muito feliz por poder novamente trabalhar durante todo o dia com a b\u00edblia, estudando e tamb\u00e9m explicando. Temos dois homens (pai e filho) de uma tribo de ind\u00edgena da etnia Sanoma e uma mulher da etnia Suruwah\u00e1. Portugu\u00eas n\u00e3o \u00e9 a primeira l\u00edngua deles e isso faz com que a escola seja ainda um desafio maior por ter que explicar a b\u00edblia de uma maneira contextualizada e para que eles consigam entender. Isso d\u00e1 ao Lucas a oportunidade de aprender muito sobre a cultura oral. Na cultura oral eles aprendem atrav\u00e9s da repeti\u00e7\u00e3o, contando hist\u00f3rias e experi\u00eancias de vida. Isso faz a escola ter muitas aulas criativas e pr\u00e1ticas, como por exemplo construir um tabern\u00e1culo e experimentar isso juntos. Eles agora est\u00e3o no Novo Testamento. Os Sanoma j\u00e1 t\u00eam essa parte da b\u00edblia em sua pr\u00f3pria l\u00edngua, em \u00e1udio e escrito.<\/p>\n<p><img loading=\"lazy\" decoding=\"async\" class=\"aligncenter wp-image-1194 size-large\" src=\"https:\/\/blessedbythe.one\/wp-content\/uploads\/2018\/07\/collage-bijbelschool-1024x1024.jpg\" alt=\"COLLAGE BIJBELSCHOOL\" width=\"525\" height=\"525\" srcset=\"https:\/\/blessedbythe.one\/wp-content\/uploads\/2018\/07\/collage-bijbelschool-1024x1024.jpg 1024w, https:\/\/blessedbythe.one\/wp-content\/uploads\/2018\/07\/collage-bijbelschool-150x150.jpg 150w, https:\/\/blessedbythe.one\/wp-content\/uploads\/2018\/07\/collage-bijbelschool-300x300.jpg 300w, https:\/\/blessedbythe.one\/wp-content\/uploads\/2018\/07\/collage-bijbelschool-768x768.jpg 768w, https:\/\/blessedbythe.one\/wp-content\/uploads\/2018\/07\/collage-bijbelschool-100x100.jpg 100w, https:\/\/blessedbythe.one\/wp-content\/uploads\/2018\/07\/collage-bijbelschool.jpg 2048w\" sizes=\"auto, (max-width: 525px) 100vw, 525px\" \/><\/p>\n<h2>Carro<\/h2>\n<p>N\u00f3s estamos muito felizes que o Lucas foi aprovado na prova do Detran na primeira vez. N\u00f3s tamb\u00e9m gostar\u00edamos de compartilhar com voc\u00eas que conseguimos um carro, uma caminhonete antiga, mas que nos supre em nossos desafios. Um mission\u00e1rio que vive aqui na base estava vendendo esse carro. Depois de uma conversa aberta sobre nossas finan\u00e7as, e o quanto j\u00e1 t\u00ednhamos na nossa poupan\u00e7a, esse casal estava feliz em vender esse carro para n\u00f3s. Desse jeito eles poderiam estar ajudando outros mission\u00e1rios e sendo uma ben\u00e7\u00e3o para n\u00f3s. N\u00f3s conseguimos at\u00e9 agora pagar um pouco mais da metade do valor desse carro e n\u00f3s fizemos um trato para pagar o resto do dinheiro mensalmente. N\u00f3s podemos pagar mensalmente o que se encaixar dentro das nossas entradas, n\u00e3o colocamos um valor fixo. Esse era um carro com uma manuten\u00e7\u00e3o barata e tamb\u00e9m muito econ\u00f4mico por ser a diesel, tamb\u00e9m \u00e9 4&#215;4, o que \u00e9 algo muito importante para se fazer viagens aqui nessa \u00e1rea. Tamb\u00e9m por ser um carro alto, nos ajuda a andar por aqui no per\u00edodo da chuva, onde parte das rodovias est\u00e3o normalmente alagadas. N\u00f3s estamos muito agradecidos e felizes porque podemos sair sem preocupa\u00e7\u00f5es, de uma forma segura e barata. O carro tamb\u00e9m nos ajuda muito em diversas atividades da base: pegando doa\u00e7\u00f5es, buscando times que vem para servir na base e etc&#8230;<\/p>\n<p>O carro \u00e9 uma grande ajuda para a base, mas tamb\u00e9m \u00e9 uma grande ben\u00e7\u00e3o para n\u00f3s como fam\u00edlia. Depois de um per\u00edodo de seis meses sem poder sair da base, agora podemos sair sem preocupa\u00e7\u00f5es, ter tempos juntos como casal e tamb\u00e9m agora podemos frequentar uma igreja.<\/p>\n<p><img loading=\"lazy\" decoding=\"async\" class=\"aligncenter wp-image-1197 size-large\" src=\"https:\/\/blessedbythe.one\/wp-content\/uploads\/2018\/07\/collage-car-1024x1024.jpg\" alt=\"COLLAGE CAR\" width=\"525\" height=\"525\" srcset=\"https:\/\/blessedbythe.one\/wp-content\/uploads\/2018\/07\/collage-car-1024x1024.jpg 1024w, https:\/\/blessedbythe.one\/wp-content\/uploads\/2018\/07\/collage-car-150x150.jpg 150w, https:\/\/blessedbythe.one\/wp-content\/uploads\/2018\/07\/collage-car-300x300.jpg 300w, https:\/\/blessedbythe.one\/wp-content\/uploads\/2018\/07\/collage-car-768x768.jpg 768w, https:\/\/blessedbythe.one\/wp-content\/uploads\/2018\/07\/collage-car-100x100.jpg 100w, https:\/\/blessedbythe.one\/wp-content\/uploads\/2018\/07\/collage-car.jpg 2048w\" sizes=\"auto, (max-width: 525px) 100vw, 525px\" \/><\/p>\n<h2>Not\u00edcias sobre o beb\u00ea<\/h2>\n<p>Agora tamb\u00e9m, com o carro, podemos ir checar como est\u00e1 tudo com o beb\u00ea de uma forma mais pr\u00e1tica. N\u00f3s conseguimos fazer a \u00faltima consulta do pr\u00e9-natal e confirmar que o beb\u00ea est\u00e1 crescendo bem e de forma saud\u00e1vel. N\u00f3s estamos esperando um menino saud\u00e1vel, grande e forte. Agora n\u00f3s estamos j\u00e1 com 26 semanas, j\u00e1 posso sentir o beb\u00ea se mexendo e se esticando dentro da minha barriga. Maravilhados, estamos tendo o prazer de experimentar esse milagroso processo de crescimento do nosso filho.<\/p>\n<p><img loading=\"lazy\" decoding=\"async\" class=\"aligncenter size-large wp-image-1214\" src=\"https:\/\/blessedbythe.one\/wp-content\/uploads\/2018\/07\/babybelly-1-864x1024.jpeg\" alt=\"\" width=\"525\" height=\"622\" srcset=\"https:\/\/blessedbythe.one\/wp-content\/uploads\/2018\/07\/babybelly-1-864x1024.jpeg 864w, https:\/\/blessedbythe.one\/wp-content\/uploads\/2018\/07\/babybelly-1-253x300.jpeg 253w, https:\/\/blessedbythe.one\/wp-content\/uploads\/2018\/07\/babybelly-1-768x910.jpeg 768w, https:\/\/blessedbythe.one\/wp-content\/uploads\/2018\/07\/babybelly-1.jpeg 1080w\" sizes=\"auto, (max-width: 525px) 100vw, 525px\" \/><\/p>\n<p>N\u00f3s estamos felizes porque tamb\u00e9m conseguimos comprar nossas passagens para nossa pr\u00f3xima viagem para a Holanda. Nossa viagem ser\u00e1 em dezembro ap\u00f3s o nascimento do beb\u00ea, que nascer\u00e1 em Porto Velho, voltaremos apenas em mar\u00e7o. Nesse tempo iremos ter f\u00e9rias e passar um tempo com a nossa fam\u00edlia, mas tamb\u00e9m esperamos ter um bom tempo com a igreja na Holanda e com a base da JOCUM. Teremos l\u00e1 um per\u00edodo de quase tr\u00eas meses. Mas antes disso, viajaremos para Rio de Janeiro por volta de uma semana antes da viagem para a Holanda, pois fica mais f\u00e1cil fazer a viagem dessa forma, onde esperamos tamb\u00e9m ter um tempo com nossa igreja, fam\u00edlia e base da JOCUM, da qual fazemos parte aqui no Brasil. N\u00f3s estamos orando e esperando que teremos um excelente tempo com nossos amigos e familiares e tamb\u00e9m para sermos capazes de compartilhar como tem sido nosso tempo aqui na regi\u00e3o amaz\u00f4nica e que em tudo sejamos direcionados pelo nosso Senhor.<\/p>\n<p>Ore por n\u00f3s:<\/p>\n<ul>\n<li>Para que consigamos desenvolver nossas atividades aqui na base de forma s\u00e1<\/li>\n<li>Por n\u00f3s como casal, e pelo crescimento desse novo membro da fam\u00ed<\/li>\n<li>Pelo carro que compramos e que possamos cumprir com o desafio de pagar ele mensalmente.<\/li>\n<li>Pela nossa viagem para Holanda: para que possamos conseguir marcar com igrejas e grupos que queiram nos receber par podermos compartilhar o que Deus tem feito aqui no Brasil.<\/li>\n<\/ul>\n<p>Deus te aben\u00e7oe!<\/p>\n","protected":false},"excerpt":{"rendered":"<p>Graduada! Eu, Christa, completei a escola de diagn\u00f3stico e tratamento de Mal\u00e1ria. Completada essa escola na JOCUM, eu poderia apenas trabalhar acompanhada de algum microscopista. N\u00f3s tivemos uma oportunidade especial como estudantes: N\u00f3s pudemos fazer a prova no Laborat\u00f3rio Central de Sa\u00fade P\u00fablica &#8211; Lacen. Esse teste \u00e9 composto de uma parte te\u00f3rica em portugu\u00eas &hellip; <\/p>\n<p class=\"link-more\"><a href=\"https:\/\/blessedbythe.one\/pt-br\/processo-de-crescimento-na-regiao-amazonica\/\" class=\"more-link\">Continue reading<span class=\"screen-reader-text\"> &#8220;Processo de crescimento na regi\u00e3o Amaz\u00f4nica&#8221;<\/span><\/a><\/p>\n","protected":false},"author":1,"featured_media":1205,"comment_status":"closed","ping_status":"closed","sticky":false,"template":"","format":"standard","meta":{"footnotes":""},"categories":[6],"tags":[],"class_list":["post-1544","post","type-post","status-publish","format-standard","has-post-thumbnail","hentry","category-nao-categorizado"],"_links":{"self":[{"href":"https:\/\/blessedbythe.one\/pt-br\/wp-json\/wp\/v2\/posts\/1544","targetHints":{"allow":["GET"]}}],"collection":[{"href":"https:\/\/blessedbythe.one\/pt-br\/wp-json\/wp\/v2\/posts"}],"about":[{"href":"https:\/\/blessedbythe.one\/pt-br\/wp-json\/wp\/v2\/types\/post"}],"author":[{"embeddable":true,"href":"https:\/\/blessedbythe.one\/pt-br\/wp-json\/wp\/v2\/users\/1"}],"replies":[{"embeddable":true,"href":"https:\/\/blessedbythe.one\/pt-br\/wp-json\/wp\/v2\/comments?post=1544"}],"version-history":[{"count":3,"href":"https:\/\/blessedbythe.one\/pt-br\/wp-json\/wp\/v2\/posts\/1544\/revisions"}],"predecessor-version":[{"id":1547,"href":"https:\/\/blessedbythe.one\/pt-br\/wp-json\/wp\/v2\/posts\/1544\/revisions\/1547"}],"wp:featuredmedia":[{"embeddable":true,"href":"https:\/\/blessedbythe.one\/pt-br\/wp-json\/wp\/v2\/media\/1205"}],"wp:attachment":[{"href":"https:\/\/blessedbythe.one\/pt-br\/wp-json\/wp\/v2\/media?parent=1544"}],"wp:term":[{"taxonomy":"category","embeddable":true,"href":"https:\/\/blessedbythe.one\/pt-br\/wp-json\/wp\/v2\/categories?post=1544"},{"taxonomy":"post_tag","embeddable":true,"href":"https:\/\/blessedbythe.one\/pt-br\/wp-json\/wp\/v2\/tags?post=1544"}],"curies":[{"name":"wp","href":"https:\/\/api.w.org\/{rel}","templated":true}]}}